{"id":305,"date":"2026-08-18T18:55:58","date_gmt":"2026-08-18T18:55:58","guid":{"rendered":"https:\/\/hgsertricon.net\/wp\/?p=305"},"modified":"2026-08-18T18:55:58","modified_gmt":"2026-08-18T18:55:58","slug":"hacienda-pone-en-consulta-publica-la-identificacion-de-contadores-y-asesores-fiscales-en-las-declaraciones-de-iva-y-renta","status":"publish","type":"post","link":"https:\/\/hgsertricon.net\/wp\/2026\/08\/18\/hacienda-pone-en-consulta-publica-la-identificacion-de-contadores-y-asesores-fiscales-en-las-declaraciones-de-iva-y-renta\/","title":{"rendered":"Hacienda pone en consulta p\u00fablica la identificaci\u00f3n de contadores y asesores fiscales en las declaraciones de IVA y Renta"},"content":{"rendered":"\n<p class=\"wp-block-paragraph\">La Direcci\u00f3n General de Tributaci\u00f3n (DGT) del Ministerio de Hacienda someti\u00f3 a consulta p\u00fablica dos proyectos de resoluci\u00f3n que obligar\u00edan a incluir los datos identificativos de contadores y asesores fiscales en las declaraciones del Impuesto al Valor Agregado (IVA) y del Impuesto sobre las Utilidades. La medida se conoci\u00f3 el 13 de agosto de 2026 y forma parte de la Estrategia Nacional contra el Contrabando y la Evasi\u00f3n que lidera Hacienda.<\/p>\n\n\n\n<h2 class=\"wp-block-heading\">\u00bfQu\u00e9 se propone?<\/h2>\n\n\n\n<p class=\"wp-block-paragraph\">Los proyectos plantean modificar los anexos de dos resoluciones vigentes: la N.\u00b0 MH-DGT-RES-0033-2025 (IVA) y la N.\u00b0 MH-DGT-RES-0020-2025 (Renta). En ambos formularios se agregar\u00eda una nueva secci\u00f3n para consignar el nombre, n\u00famero de identificaci\u00f3n y carn\u00e9 de agremiado del profesional que participe en la elaboraci\u00f3n de la declaraci\u00f3n.<\/p>\n\n\n\n<p class=\"wp-block-paragraph\">El viceministro de Ingresos, V\u00edctor Julio Carvajal, explic\u00f3 que la medida busca dar trazabilidad al trabajo de contadores y asesores fiscales y permitir un mayor control sobre sus actuaciones y las de sus clientes. Seg\u00fan el director general de Tributaci\u00f3n, Miguel \u00c1ngel Sol\u00eds, la identificaci\u00f3n permitir\u00eda establecer una responsabilidad compartida entre el obligado tributario y el profesional que interviene en la declaraci\u00f3n.<\/p>\n\n\n\n<h2 class=\"wp-block-heading\">La postura del Colegio de Contadores P\u00fablicos<\/h2>\n\n\n\n<p class=\"wp-block-paragraph\">El Colegio de Contadores P\u00fablicos de Costa Rica respald\u00f3 el objetivo de fortalecer la fiscalizaci\u00f3n, pero pidi\u00f3 precisar el alcance de la figura del &#8220;preparador&#8221; antes de implementarla. El gremio se\u00f1al\u00f3 que actualmente no existe una reserva de actividad que limite la elaboraci\u00f3n de declaraciones tributarias exclusivamente a contadores p\u00fablicos o economistas, y que en la pr\u00e1ctica pueden intervenir varias personas en distintos niveles de revisi\u00f3n y aprobaci\u00f3n de una misma declaraci\u00f3n.<\/p>\n\n\n\n<p class=\"wp-block-paragraph\">El presidente del Colegio, Francisco Ovares, plante\u00f3 que identificar al profesional &#8220;no deber\u00eda convertirse autom\u00e1ticamente en una atribuci\u00f3n de responsabilidad&#8221; por el contenido de la declaraci\u00f3n, y pidi\u00f3 distinguir entre quien brinda una recomendaci\u00f3n t\u00e9cnica, quien toma la decisi\u00f3n y quien tiene la obligaci\u00f3n legal ante la Administraci\u00f3n Tributaria. El gremio tambi\u00e9n cit\u00f3 los art\u00edculos 81 y 81 bis del C\u00f3digo de Normas y Procedimientos Tributarios, que regulan las infracciones materiales y la responsabilidad de terceros, respectivamente.<\/p>\n\n\n\n<h2 class=\"wp-block-heading\">Implicaciones pr\u00e1cticas<\/h2>\n\n\n\n<ul class=\"wp-block-list\"><li>Si la propuesta se formaliza, los formularios de IVA y Renta incluir\u00e1n una secci\u00f3n para identificar al profesional que prepar\u00f3 la declaraci\u00f3n.<\/li><li>Las empresas y despachos deber\u00e1n definir internamente, para cada declaraci\u00f3n, qui\u00e9n queda registrado como &#8220;preparador&#8221;, especialmente en estructuras con varios niveles de revisi\u00f3n.<\/li><li>El r\u00e9gimen de autoliquidaci\u00f3n se mantiene: quien firma bajo fe de juramento sigue siendo el representante legal o contribuyente responsable, aunque el gremio contable pide que esto quede expl\u00edcito en el texto final.<\/li><\/ul>\n\n\n\n<h2 class=\"wp-block-heading\">Plazo para presentar observaciones<\/h2>\n\n\n\n<p class=\"wp-block-paragraph\">La consulta p\u00fablica est\u00e1 abierta hasta el 26 de agosto de 2026. Las observaciones por escrito pueden enviarse al correo dntt@hacienda.go.cr. Una vez cerrado el per\u00edodo, Hacienda continuar\u00e1 con el tr\u00e1mite para formalizar y publicar las resoluciones definitivas.<\/p>\n\n\n\n<p class=\"wp-block-paragraph\">En HG Sertricon damos seguimiento a estos proyectos de resoluci\u00f3n y a su eventual publicaci\u00f3n en La Gaceta. Si tiene dudas sobre c\u00f3mo esta propuesta podr\u00eda afectar los procesos internos de su empresa o despacho, cont\u00e1ctenos.<\/p>\n","protected":false},"excerpt":{"rendered":"<p>La Direcci\u00f3n General de Tributaci\u00f3n (DGT) del Ministerio de Hacienda someti\u00f3 a consulta p\u00fablica dos proyectos de resoluci\u00f3n que obligar\u00edan a incluir los datos identificativos de contadores y asesores fiscales en las declaraciones del Impuesto al Valor Agregado (IVA) y del Impuesto sobre las Utilidades. La medida se conoci\u00f3 el 13 de agosto de 2026 [&hellip;]<\/p>\n","protected":false},"author":1,"featured_media":0,"comment_status":"closed","ping_status":"open","sticky":false,"template":"","format":"standard","meta":{"footnotes":""},"categories":[15],"tags":[],"class_list":["post-305","post","type-post","status-publish","format-standard","hentry","category-novedades-dgt"],"_links":{"self":[{"href":"https:\/\/hgsertricon.net\/wp\/wp-json\/wp\/v2\/posts\/305","targetHints":{"allow":["GET"]}}],"collection":[{"href":"https:\/\/hgsertricon.net\/wp\/wp-json\/wp\/v2\/posts"}],"about":[{"href":"https:\/\/hgsertricon.net\/wp\/wp-json\/wp\/v2\/types\/post"}],"author":[{"embeddable":true,"href":"https:\/\/hgsertricon.net\/wp\/wp-json\/wp\/v2\/users\/1"}],"replies":[{"embeddable":true,"href":"https:\/\/hgsertricon.net\/wp\/wp-json\/wp\/v2\/comments?post=305"}],"version-history":[{"count":1,"href":"https:\/\/hgsertricon.net\/wp\/wp-json\/wp\/v2\/posts\/305\/revisions"}],"predecessor-version":[{"id":308,"href":"https:\/\/hgsertricon.net\/wp\/wp-json\/wp\/v2\/posts\/305\/revisions\/308"}],"wp:attachment":[{"href":"https:\/\/hgsertricon.net\/wp\/wp-json\/wp\/v2\/media?parent=305"}],"wp:term":[{"taxonomy":"category","embeddable":true,"href":"https:\/\/hgsertricon.net\/wp\/wp-json\/wp\/v2\/categories?post=305"},{"taxonomy":"post_tag","embeddable":true,"href":"https:\/\/hgsertricon.net\/wp\/wp-json\/wp\/v2\/tags?post=305"}],"curies":[{"name":"wp","href":"https:\/\/api.w.org\/{rel}","templated":true}]}}